{"id":2192,"date":"2023-07-20T10:46:42","date_gmt":"2023-07-20T08:46:42","guid":{"rendered":"https:\/\/blog.chroma.pl\/?p=2192"},"modified":"2023-07-20T10:46:44","modified_gmt":"2023-07-20T08:46:44","slug":"kalendarze-na-lodowce-czy-to-jeszcze-modne","status":"publish","type":"post","link":"https:\/\/www.chroma.pl\/pl\/blog\/kalendarze-na-lodowce-czy-to-jeszcze-modne\/","title":{"rendered":"Kalendarze na lod\u00f3wce \u2014 czy to jeszcze modne?"},"content":{"rendered":"\n<p class=\"wp-block-paragraph\">Szukasz oryginalnych, a zarazem modnych materia\u0142\u00f3w reklamowych? \u015awietnym rozwi\u0105zaniem s\u0105 kalendarze na lod\u00f3wk\u0119, kt\u00f3re sprawiaj\u0105, \u017ce logo i nazwa Twojej firmy b\u0119d\u0105 towarzyszy\u0142y odbiorcom podczas codziennych czynno\u015bci np. gotowania posi\u0142k\u00f3w. Kalendarze z magnesem to te\u017c idealny pomys\u0142 na prezent dla rodzic\u00f3w, dziadk\u00f3w itp. Sprawd\u017a, czy kalendarze na lod\u00f3wk\u0119 to nadal modny dodatek i jak zaprojektowa\u0107 kalendarz, kt\u00f3ry b\u0119dzie doskonale prezentowa\u0142 si\u0119 w kuchni.<\/p>\n\n\n\n<h2 class=\"wp-block-heading\">Dlaczego warto wybiera\u0107 kalendarze na lod\u00f3wki?<\/h2>\n\n\n\n<p class=\"wp-block-paragraph\">Wiele os\u00f3b nie wyobra\u017ca sobie kuchni bez kalendarza. Nie chcesz niszczy\u0107 \u015bcian i wierci\u0107 otwor\u00f3w? W takim razie zdecyduj si\u0119 na kalendarz z magnetycznym paskiem, dzi\u0119ki kt\u00f3remu z \u0142atwo\u015bci\u0105 zawiesisz kalendarz na lod\u00f3wce. Wtedy niepotrzebne stan\u0105 si\u0119 haczyki lub \u015brubki. Nie wiesz, gdzie zam\u00f3wi\u0107 idealny kalendarz do swojej kuchni? Oto kilka korzy\u015bci, jakie zyskasz, gdy postawisz na nasz\u0105 ofert\u0119.<\/p>\n\n\n\n<h3 class=\"wp-block-heading\">Niepowtarzalny projekt<\/h3>\n\n\n\n<p class=\"wp-block-paragraph\">Personalizacja materia\u0142\u00f3w reklamowych oraz wydruk\u00f3w wykorzystywanych do cel\u00f3w prywatnych to bardzo modne rozwi\u0105zanie. Dlatego polecamy Ci kalendarze na lod\u00f3wk\u0119 z indywidualnie dopasowan\u0105 g\u0142\u00f3wk\u0105 np. ze zdj\u0119ciem Twoich dzieci, z firmowym logo lub z grafik\u0105 dopasowan\u0105 do charakteru wn\u0119trza.&nbsp;<\/p>\n\n\n\n<p class=\"wp-block-paragraph\">Podczas projektowania skorzystaj z bezp\u0142atnego programu Canva, a w ten spos\u00f3b \u0142atwo i szybko dodasz grafiki, napisy, zdj\u0119cia stockowe lub w\u0142asne fotografie. Sprawisz w ten spos\u00f3b, \u017ce kalendarz b\u0119dzie wygl\u0105da\u0142 zgodnie z Twoimi wyobra\u017ceniami. Przede wszystkim jednak gad\u017cet nabierze bardziej osobistego b\u0105d\u017a biznesowego charakteru.<\/p>\n\n\n\n<p class=\"wp-block-paragraph\">Co zrobi\u0107, aby jeszcze bardziej spersonalizowa\u0107 kalendarz? Wybierz kolor okienka, a tak\u017ce zdecydujesz si\u0119 na foliowanie g\u0142\u00f3wki \u2013 matowe, b\u0142yszcz\u0105ce lub postaw na foli\u0119 soft skin. Kalendarz zyska atrakcyjnego i oryginalnego wygl\u0105du r\u00f3wnie\u017c wtedy, gdy zdecydujesz si\u0119 na uszlachetnianie g\u0142\u00f3wki np. z\u0142ocenie, srebrzenie, kolorow\u0105 foli\u0119 b\u0105d\u017a lakier UV 3D. W ten spos\u00f3b mo\u017cesz wyr\u00f3\u017cni\u0107 kluczowe elementy g\u0142\u00f3wki m.in. firmowe logo.<\/p>\n\n\n\n<h3 class=\"wp-block-heading\">Szeroki wyb\u00f3r rodzaj\u00f3w kalendarzy<\/h3>\n\n\n\n<p class=\"wp-block-paragraph\">Lubisz planowa\u0107 zadania z kilkumiesi\u0119cznym wyprzedzeniem, a mo\u017ce wolisz <a href=\"https:\/\/www.chroma.pl\/pl\/kalendarze-jednodzielne\">kalendarz z miejscem do zapisywania notatek<\/a>? Dopasuj model do swoich potrzeb. Zam\u00f3w spersonalizowany kalendarz jednomiesi\u0119czny, trzymiesi\u0119czny lub czteromiesi\u0119czny. Przydatnym rozwi\u0105zaniem mo\u017ce te\u017c by\u0107 planer roczny. Zdecyduj, kt\u00f3ra z tych opcji najlepiej sprawdzi si\u0119 w Twojej kuchni, biurze b\u0105d\u017a innym miejscu, gdzie chcesz przywiesi\u0107 kalendarz.<\/p>\n\n\n\n<h3 class=\"wp-block-heading\">Wiele format\u00f3w do wyboru<\/h3>\n\n\n\n<p class=\"wp-block-paragraph\">Niewielki format czy te\u017c du\u017cy i czytelny kalendarz \u2013 kt\u00f3ra z tych opcji jest dla Ciebie wygodniejsza? Sam mo\u017cesz zdecydowa\u0107, jakie wymiary maj\u0105 mie\u0107 kalendarze, podczas zamawiania ich w drukarni.&nbsp;<\/p>\n\n\n\n<p class=\"wp-block-paragraph\">Niewielkie modele, kt\u00f3re maj\u0105 ok. 110 x 238 mm s\u0105 dobre dla os\u00f3b, kt\u00f3re chc\u0105 jedynie zakre\u015bla\u0107 wa\u017cne daty. Natomiast du\u017ce kalandarze maj\u0105 wi\u0119cej miejsca na notatki. Dobrym rozwi\u0105zaniem, aby zawsze wiedzie\u0107, co dzi\u015b za dzie\u0144 s\u0105 standardowe kalendarze na magnes np. jednodzielne z g\u0142\u00f3wk\u0105.<\/p>\n\n\n\n<p class=\"wp-block-paragraph\">Pami\u0119taj, \u017ce wielko\u015b\u0107 kalendarzy wp\u0142ywa na ich funkcjonalno\u015b\u0107 oraz ekspozycj\u0119 firmowych grafik \u2013 im mniejszy produkt, tym logo b\u0119dzie s\u0142abiej widoczne.<\/p>\n\n\n\n<h3 class=\"wp-block-heading\">R\u00f3\u017cnorodne rodzaje papieru \u2013 ekologiczne i offsetowe<\/h3>\n\n\n\n<p class=\"wp-block-paragraph\"><a href=\"https:\/\/www.chroma.pl\/pl\/kalendarze\">Kalendarze <\/a>na lod\u00f3wk\u0119 mo\u017cesz jeszcze lepiej dopasowa\u0107 do swoich potrzeb, bo do dyspozycji masz sporo r\u00f3\u017cnych rodzaj\u00f3w papieru. Je\u015bli zale\u017cy Ci na idealnej bieli, kt\u00f3ra b\u0119dzie doskonale prezentowa\u0107 si\u0119 w nowoczesnych i minimalistycznych aran\u017cacjach, to \u015bwietnym rozwi\u0105zaniem stanie si\u0119 papier offsetowy z kartonow\u0105 g\u0142\u00f3wk\u0105 i pleckami o grubo\u015bci 300 g. Takie po\u0142\u0105czenie to klasyka, kt\u00f3ra gwarantuje wysok\u0105 jako\u015b\u0107 wykonania i czytelny wygl\u0105d kalendarza.\u00a0<\/p>\n\n\n\n<p class=\"wp-block-paragraph\">Jednak nie musisz ogranicza\u0107 si\u0119 jedynie do tradycyjnych rozwi\u0105za\u0144. Dzi\u015b warto patrze\u0107 do przodu i wybiera\u0107 kalendarze wykonane z ekologicznego papieru z recyclingu. To idealna propozycja dla firm, ale te\u017c \u015bwietnie sprawdzi si\u0119 do prywatnego u\u017cytku \u2013 szczeg\u00f3lnie gdy ch\u0119tnie stawiasz na eko rozwi\u0105zania b\u0105d\u017a masz kuchni\u0119 urz\u0105dzon\u0105 w stylu vintage, boho lub rustykalnym.<\/p>\n\n\n\n<p class=\"wp-block-paragraph\">Plecki i g\u0142\u00f3wka wykonana z papieru Kraftliner o grubo\u015bci 300 g zapewniaj\u0105 doskona\u0142\u0105 jako\u015b\u0107 i wytrzyma\u0142o\u015b\u0107, a \u015bwietnym uzupe\u0142nieniem jest w tym przypadku papier Ecco book w kolorze cream.<\/p>\n\n\n\n<h2 class=\"wp-block-heading\">Jakie kalendarze s\u0105 modne i funkcjonalne?<\/h2>\n\n\n\n<p class=\"wp-block-paragraph\">Organizacja czasu wolnego, pracy i obowi\u0105zk\u00f3w domowych \u2013 to trudne zadania, ale nie da si\u0119 od nich uciec. Przemy\u015blanie zaprojektowany kalendarz mo\u017ce usprawni\u0107 organizacj\u0119 w pracy, jak i w domu.&nbsp;<\/p>\n\n\n\n<p class=\"wp-block-paragraph\">Ogromny wyb\u00f3r rodzaj\u00f3w kalendarzy sprawia, \u017ce ka\u017cdy mo\u017ce znale\u017a\u0107 model, kt\u00f3ry spe\u0142ni jego oczekiwania. Du\u017c\u0105 popularno\u015bci\u0105 ciesz\u0105 si\u0119 kalendarze na lod\u00f3wk\u0119, modele tr\u00f3jdzielne i biurkowe.&nbsp;<\/p>\n\n\n\n<p class=\"wp-block-paragraph\">Dlaczego tak bardzo polecamy powiesi\u0107 kalendarz na lod\u00f3wce? To miejsce jest \u0142atwodost\u0119pne dla wszystkich domownik\u00f3w, a tym samym ka\u017cdy z nich mo\u017ce z \u0142atwo\u015bci\u0105 sprawdzi\u0107 dzie\u0144 tygodnia i dat\u0119, pozna\u0107 menu na ca\u0142y tydzie\u0144, plan aktywno\u015bci czy przydzia\u0142 domowych obowi\u0105zk\u00f3w.&nbsp;<\/p>\n\n\n\n<p class=\"wp-block-paragraph\">Bardzo modne s\u0105 dzi\u015b tak\u017ce modele, kt\u00f3re posiadaj\u0105 g\u0142\u00f3wk\u0119 z personalizowanym nadrukiem to prawdziwy hit, kt\u00f3ry podkre\u015bli rodzinny charakter wn\u0119trza.&nbsp;<\/p>\n","protected":false},"excerpt":{"rendered":"<p>Szukasz oryginalnych, a zarazem modnych materia\u0142\u00f3w reklamowych? \u015awietnym rozwi\u0105zaniem s\u0105 kalendarze na lod\u00f3wk\u0119, kt\u00f3re sprawiaj\u0105, \u017ce logo i nazwa Twojej firmy b\u0119d\u0105 towarzyszy\u0142y odbiorcom podczas codziennych czynno\u015bci np. gotowania posi\u0142k\u00f3w. Kalendarze z magnesem to te\u017c idealny pomys\u0142 na prezent dla rodzic\u00f3w, dziadk\u00f3w itp. Sprawd\u017a, czy kalendarze na lod\u00f3wk\u0119 to nadal modny dodatek i jak zaprojektowa\u0107 kalendarz, kt\u00f3ry b\u0119dzie doskonale prezentowa\u0142 si\u0119 w kuchni. Dlaczego warto wybiera\u0107 kalendarze na lod\u00f3wki? Wiele&hellip;<\/p>\n","protected":false},"author":7,"featured_media":2193,"comment_status":"closed","ping_status":"open","sticky":false,"template":"","format":"standard","meta":{"_acf_changed":false,"inline_featured_image":false,"footnotes":""},"categories":[32,10],"tags":[],"class_list":["post-2192","post","type-post","status-publish","format-standard","has-post-thumbnail","hentry","category-graficy","category-marketerzy"],"acf":[],"yoast_head":"<!-- This site is optimized with the Yoast SEO plugin v25.1 - https:\/\/yoast.com\/wordpress\/plugins\/seo\/ -->\n<title>Kalendarze na lod\u00f3wce \u2014 czy to jeszcze modne?<\/title>\n<meta name=\"description\" content=\"Kalendarze na lod\u00f3wce - praktyczne i funkcjonalne rozwi\u0105zanie do organizacji czasu. Odkryj r\u00f3\u017cnorodne wzory i style kalendarzy.\" \/>\n<meta name=\"robots\" content=\"index, follow, max-snippet:-1, max-image-preview:large, max-video-preview:-1\" \/>\n<link rel=\"canonical\" href=\"https:\/\/www.chroma.pl\/pl\/testblog\/kalendarze-na-lodowce-czy-to-jeszcze-modne\/\" \/>\n<meta property=\"og:locale\" content=\"pl_PL\" \/>\n<meta property=\"og:type\" content=\"article\" \/>\n<meta property=\"og:title\" content=\"Kalendarze na lod\u00f3wce \u2014 czy to jeszcze modne?\" \/>\n<meta property=\"og:description\" content=\"Kalendarze na lod\u00f3wce - praktyczne i funkcjonalne rozwi\u0105zanie do organizacji czasu. Odkryj r\u00f3\u017cnorodne wzory i style kalendarzy.\" \/>\n<meta property=\"og:url\" content=\"https:\/\/www.chroma.pl\/pl\/testblog\/kalendarze-na-lodowce-czy-to-jeszcze-modne\/\" \/>\n<meta property=\"og:site_name\" content=\"Blog Chroma\" \/>\n<meta property=\"article:published_time\" content=\"2023-07-20T08:46:42+00:00\" \/>\n<meta property=\"article:modified_time\" content=\"2023-07-20T08:46:44+00:00\" \/>\n<meta property=\"og:image\" content=\"https:\/\/www.chroma.pl\/pl\/testblog\/wp-content\/uploads\/2023\/07\/Kalendarze-na-lodowce.jpg\" \/>\n\t<meta property=\"og:image:width\" content=\"1000\" \/>\n\t<meta property=\"og:image:height\" content=\"667\" \/>\n\t<meta property=\"og:image:type\" content=\"image\/jpeg\" \/>\n<meta name=\"author\" content=\"Redaktor Chroma\" \/>\n<meta name=\"twitter:card\" content=\"summary_large_image\" \/>\n<meta name=\"twitter:label1\" content=\"Napisane przez\" \/>\n\t<meta name=\"twitter:data1\" content=\"Redaktor Chroma\" \/>\n\t<meta name=\"twitter:label2\" content=\"Szacowany czas czytania\" \/>\n\t<meta name=\"twitter:data2\" content=\"5 minut\" \/>\n<script type=\"application\/ld+json\" class=\"yoast-schema-graph\">{\"@context\":\"https:\/\/schema.org\",\"@graph\":[{\"@type\":\"Article\",\"@id\":\"https:\/\/www.chroma.pl\/pl\/testblog\/kalendarze-na-lodowce-czy-to-jeszcze-modne\/#article\",\"isPartOf\":{\"@id\":\"https:\/\/www.chroma.pl\/pl\/testblog\/kalendarze-na-lodowce-czy-to-jeszcze-modne\/\"},\"author\":{\"name\":\"Redaktor Chroma\",\"@id\":\"https:\/\/www.chroma.pl\/pl\/testblog\/#\/schema\/person\/9d00723da12e71b7d09895f6db66e873\"},\"headline\":\"Kalendarze na lod\u00f3wce \u2014 czy to jeszcze modne?\",\"datePublished\":\"2023-07-20T08:46:42+00:00\",\"dateModified\":\"2023-07-20T08:46:44+00:00\",\"mainEntityOfPage\":{\"@id\":\"https:\/\/www.chroma.pl\/pl\/testblog\/kalendarze-na-lodowce-czy-to-jeszcze-modne\/\"},\"wordCount\":848,\"publisher\":{\"@id\":\"https:\/\/www.chroma.pl\/pl\/testblog\/#organization\"},\"image\":{\"@id\":\"https:\/\/www.chroma.pl\/pl\/testblog\/kalendarze-na-lodowce-czy-to-jeszcze-modne\/#primaryimage\"},\"thumbnailUrl\":\"https:\/\/www.chroma.pl\/pl\/blog\/wp-content\/uploads\/2023\/07\/Kalendarze-na-lodowce.jpg\",\"articleSection\":[\"Graficy\",\"Marketerzy\"],\"inLanguage\":\"pl-PL\"},{\"@type\":\"WebPage\",\"@id\":\"https:\/\/www.chroma.pl\/pl\/testblog\/kalendarze-na-lodowce-czy-to-jeszcze-modne\/\",\"url\":\"https:\/\/www.chroma.pl\/pl\/testblog\/kalendarze-na-lodowce-czy-to-jeszcze-modne\/\",\"name\":\"Kalendarze na lod\u00f3wce \u2014 czy to jeszcze modne?\",\"isPartOf\":{\"@id\":\"https:\/\/www.chroma.pl\/pl\/testblog\/#website\"},\"primaryImageOfPage\":{\"@id\":\"https:\/\/www.chroma.pl\/pl\/testblog\/kalendarze-na-lodowce-czy-to-jeszcze-modne\/#primaryimage\"},\"image\":{\"@id\":\"https:\/\/www.chroma.pl\/pl\/testblog\/kalendarze-na-lodowce-czy-to-jeszcze-modne\/#primaryimage\"},\"thumbnailUrl\":\"https:\/\/www.chroma.pl\/pl\/blog\/wp-content\/uploads\/2023\/07\/Kalendarze-na-lodowce.jpg\",\"datePublished\":\"2023-07-20T08:46:42+00:00\",\"dateModified\":\"2023-07-20T08:46:44+00:00\",\"description\":\"Kalendarze na lod\u00f3wce - praktyczne i funkcjonalne rozwi\u0105zanie do organizacji czasu. Odkryj r\u00f3\u017cnorodne wzory i style kalendarzy.\",\"breadcrumb\":{\"@id\":\"https:\/\/www.chroma.pl\/pl\/testblog\/kalendarze-na-lodowce-czy-to-jeszcze-modne\/#breadcrumb\"},\"inLanguage\":\"pl-PL\",\"potentialAction\":[{\"@type\":\"ReadAction\",\"target\":[\"https:\/\/www.chroma.pl\/pl\/testblog\/kalendarze-na-lodowce-czy-to-jeszcze-modne\/\"]}]},{\"@type\":\"ImageObject\",\"inLanguage\":\"pl-PL\",\"@id\":\"https:\/\/www.chroma.pl\/pl\/testblog\/kalendarze-na-lodowce-czy-to-jeszcze-modne\/#primaryimage\",\"url\":\"https:\/\/www.chroma.pl\/pl\/blog\/wp-content\/uploads\/2023\/07\/Kalendarze-na-lodowce.jpg\",\"contentUrl\":\"https:\/\/www.chroma.pl\/pl\/blog\/wp-content\/uploads\/2023\/07\/Kalendarze-na-lodowce.jpg\",\"width\":1000,\"height\":667,\"caption\":\"Kalendarze na lod\u00f3wce\"},{\"@type\":\"BreadcrumbList\",\"@id\":\"https:\/\/www.chroma.pl\/pl\/testblog\/kalendarze-na-lodowce-czy-to-jeszcze-modne\/#breadcrumb\",\"itemListElement\":[{\"@type\":\"ListItem\",\"position\":1,\"name\":\"Blog Chroma\",\"item\":\"https:\/\/www.chroma.pl\/pl\/blog\/\"},{\"@type\":\"ListItem\",\"position\":2,\"name\":\"Marketerzy\",\"item\":\"https:\/\/www.chroma.pl\/pl\/testblog\/category\/marketerzy\/\"},{\"@type\":\"ListItem\",\"position\":3,\"name\":\"Kalendarze na lod\u00f3wce \u2014 czy to jeszcze modne?\"}]},{\"@type\":\"WebSite\",\"@id\":\"https:\/\/www.chroma.pl\/pl\/testblog\/#website\",\"url\":\"https:\/\/www.chroma.pl\/pl\/testblog\/\",\"name\":\"Blog Chroma\",\"description\":\"\",\"publisher\":{\"@id\":\"https:\/\/www.chroma.pl\/pl\/testblog\/#organization\"},\"potentialAction\":[{\"@type\":\"SearchAction\",\"target\":{\"@type\":\"EntryPoint\",\"urlTemplate\":\"https:\/\/www.chroma.pl\/pl\/testblog\/?s={search_term_string}\"},\"query-input\":{\"@type\":\"PropertyValueSpecification\",\"valueRequired\":true,\"valueName\":\"search_term_string\"}}],\"inLanguage\":\"pl-PL\"},{\"@type\":\"Organization\",\"@id\":\"https:\/\/www.chroma.pl\/pl\/testblog\/#organization\",\"name\":\"Drukarnia Chroma\",\"url\":\"https:\/\/www.chroma.pl\/pl\/testblog\/\",\"logo\":{\"@type\":\"ImageObject\",\"inLanguage\":\"pl-PL\",\"@id\":\"https:\/\/www.chroma.pl\/pl\/testblog\/#\/schema\/logo\/image\/\",\"url\":\"https:\/\/www.chroma.pl\/pl\/blog\/wp-content\/uploads\/2022\/02\/500x-logo-chroma-czarne.png\",\"contentUrl\":\"https:\/\/www.chroma.pl\/pl\/blog\/wp-content\/uploads\/2022\/02\/500x-logo-chroma-czarne.png\",\"width\":500,\"height\":139,\"caption\":\"Drukarnia Chroma\"},\"image\":{\"@id\":\"https:\/\/www.chroma.pl\/pl\/testblog\/#\/schema\/logo\/image\/\"}},{\"@type\":\"Person\",\"@id\":\"https:\/\/www.chroma.pl\/pl\/testblog\/#\/schema\/person\/9d00723da12e71b7d09895f6db66e873\",\"name\":\"Redaktor Chroma\",\"image\":{\"@type\":\"ImageObject\",\"inLanguage\":\"pl-PL\",\"@id\":\"https:\/\/www.chroma.pl\/pl\/testblog\/#\/schema\/person\/image\/\",\"url\":\"https:\/\/secure.gravatar.com\/avatar\/bd45821cc2d42ef4af80dd605d90491ebb4d403449d5d0ac9baa9856d38ff2d2?s=96&d=mm&r=g\",\"contentUrl\":\"https:\/\/secure.gravatar.com\/avatar\/bd45821cc2d42ef4af80dd605d90491ebb4d403449d5d0ac9baa9856d38ff2d2?s=96&d=mm&r=g\",\"caption\":\"Redaktor Chroma\"},\"url\":\"https:\/\/www.chroma.pl\/pl\/blog\/author\/redaktor-chroma\/\"}]}<\/script>\n<!-- \/ Yoast SEO plugin. -->","yoast_head_json":{"title":"Kalendarze na lod\u00f3wce \u2014 czy to jeszcze modne?","description":"Kalendarze na lod\u00f3wce - praktyczne i funkcjonalne rozwi\u0105zanie do organizacji czasu. Odkryj r\u00f3\u017cnorodne wzory i style kalendarzy.","robots":{"index":"index","follow":"follow","max-snippet":"max-snippet:-1","max-image-preview":"max-image-preview:large","max-video-preview":"max-video-preview:-1"},"canonical":"https:\/\/www.chroma.pl\/pl\/testblog\/kalendarze-na-lodowce-czy-to-jeszcze-modne\/","og_locale":"pl_PL","og_type":"article","og_title":"Kalendarze na lod\u00f3wce \u2014 czy to jeszcze modne?","og_description":"Kalendarze na lod\u00f3wce - praktyczne i funkcjonalne rozwi\u0105zanie do organizacji czasu. Odkryj r\u00f3\u017cnorodne wzory i style kalendarzy.","og_url":"https:\/\/www.chroma.pl\/pl\/testblog\/kalendarze-na-lodowce-czy-to-jeszcze-modne\/","og_site_name":"Blog Chroma","article_published_time":"2023-07-20T08:46:42+00:00","article_modified_time":"2023-07-20T08:46:44+00:00","og_image":[{"width":1000,"height":667,"url":"https:\/\/www.chroma.pl\/pl\/testblog\/wp-content\/uploads\/2023\/07\/Kalendarze-na-lodowce.jpg","type":"image\/jpeg"}],"author":"Redaktor Chroma","twitter_card":"summary_large_image","twitter_misc":{"Napisane przez":"Redaktor Chroma","Szacowany czas czytania":"5 minut"},"schema":{"@context":"https:\/\/schema.org","@graph":[{"@type":"Article","@id":"https:\/\/www.chroma.pl\/pl\/testblog\/kalendarze-na-lodowce-czy-to-jeszcze-modne\/#article","isPartOf":{"@id":"https:\/\/www.chroma.pl\/pl\/testblog\/kalendarze-na-lodowce-czy-to-jeszcze-modne\/"},"author":{"name":"Redaktor Chroma","@id":"https:\/\/www.chroma.pl\/pl\/testblog\/#\/schema\/person\/9d00723da12e71b7d09895f6db66e873"},"headline":"Kalendarze na lod\u00f3wce \u2014 czy to jeszcze modne?","datePublished":"2023-07-20T08:46:42+00:00","dateModified":"2023-07-20T08:46:44+00:00","mainEntityOfPage":{"@id":"https:\/\/www.chroma.pl\/pl\/testblog\/kalendarze-na-lodowce-czy-to-jeszcze-modne\/"},"wordCount":848,"publisher":{"@id":"https:\/\/www.chroma.pl\/pl\/testblog\/#organization"},"image":{"@id":"https:\/\/www.chroma.pl\/pl\/testblog\/kalendarze-na-lodowce-czy-to-jeszcze-modne\/#primaryimage"},"thumbnailUrl":"https:\/\/www.chroma.pl\/pl\/blog\/wp-content\/uploads\/2023\/07\/Kalendarze-na-lodowce.jpg","articleSection":["Graficy","Marketerzy"],"inLanguage":"pl-PL"},{"@type":"WebPage","@id":"https:\/\/www.chroma.pl\/pl\/testblog\/kalendarze-na-lodowce-czy-to-jeszcze-modne\/","url":"https:\/\/www.chroma.pl\/pl\/testblog\/kalendarze-na-lodowce-czy-to-jeszcze-modne\/","name":"Kalendarze na lod\u00f3wce \u2014 czy to jeszcze modne?","isPartOf":{"@id":"https:\/\/www.chroma.pl\/pl\/testblog\/#website"},"primaryImageOfPage":{"@id":"https:\/\/www.chroma.pl\/pl\/testblog\/kalendarze-na-lodowce-czy-to-jeszcze-modne\/#primaryimage"},"image":{"@id":"https:\/\/www.chroma.pl\/pl\/testblog\/kalendarze-na-lodowce-czy-to-jeszcze-modne\/#primaryimage"},"thumbnailUrl":"https:\/\/www.chroma.pl\/pl\/blog\/wp-content\/uploads\/2023\/07\/Kalendarze-na-lodowce.jpg","datePublished":"2023-07-20T08:46:42+00:00","dateModified":"2023-07-20T08:46:44+00:00","description":"Kalendarze na lod\u00f3wce - praktyczne i funkcjonalne rozwi\u0105zanie do organizacji czasu. Odkryj r\u00f3\u017cnorodne wzory i style kalendarzy.","breadcrumb":{"@id":"https:\/\/www.chroma.pl\/pl\/testblog\/kalendarze-na-lodowce-czy-to-jeszcze-modne\/#breadcrumb"},"inLanguage":"pl-PL","potentialAction":[{"@type":"ReadAction","target":["https:\/\/www.chroma.pl\/pl\/testblog\/kalendarze-na-lodowce-czy-to-jeszcze-modne\/"]}]},{"@type":"ImageObject","inLanguage":"pl-PL","@id":"https:\/\/www.chroma.pl\/pl\/testblog\/kalendarze-na-lodowce-czy-to-jeszcze-modne\/#primaryimage","url":"https:\/\/www.chroma.pl\/pl\/blog\/wp-content\/uploads\/2023\/07\/Kalendarze-na-lodowce.jpg","contentUrl":"https:\/\/www.chroma.pl\/pl\/blog\/wp-content\/uploads\/2023\/07\/Kalendarze-na-lodowce.jpg","width":1000,"height":667,"caption":"Kalendarze na lod\u00f3wce"},{"@type":"BreadcrumbList","@id":"https:\/\/www.chroma.pl\/pl\/testblog\/kalendarze-na-lodowce-czy-to-jeszcze-modne\/#breadcrumb","itemListElement":[{"@type":"ListItem","position":1,"name":"Blog Chroma","item":"https:\/\/www.chroma.pl\/pl\/blog\/"},{"@type":"ListItem","position":2,"name":"Marketerzy","item":"https:\/\/www.chroma.pl\/pl\/testblog\/category\/marketerzy\/"},{"@type":"ListItem","position":3,"name":"Kalendarze na lod\u00f3wce \u2014 czy to jeszcze modne?"}]},{"@type":"WebSite","@id":"https:\/\/www.chroma.pl\/pl\/testblog\/#website","url":"https:\/\/www.chroma.pl\/pl\/testblog\/","name":"Blog Chroma","description":"","publisher":{"@id":"https:\/\/www.chroma.pl\/pl\/testblog\/#organization"},"potentialAction":[{"@type":"SearchAction","target":{"@type":"EntryPoint","urlTemplate":"https:\/\/www.chroma.pl\/pl\/testblog\/?s={search_term_string}"},"query-input":{"@type":"PropertyValueSpecification","valueRequired":true,"valueName":"search_term_string"}}],"inLanguage":"pl-PL"},{"@type":"Organization","@id":"https:\/\/www.chroma.pl\/pl\/testblog\/#organization","name":"Drukarnia Chroma","url":"https:\/\/www.chroma.pl\/pl\/testblog\/","logo":{"@type":"ImageObject","inLanguage":"pl-PL","@id":"https:\/\/www.chroma.pl\/pl\/testblog\/#\/schema\/logo\/image\/","url":"https:\/\/www.chroma.pl\/pl\/blog\/wp-content\/uploads\/2022\/02\/500x-logo-chroma-czarne.png","contentUrl":"https:\/\/www.chroma.pl\/pl\/blog\/wp-content\/uploads\/2022\/02\/500x-logo-chroma-czarne.png","width":500,"height":139,"caption":"Drukarnia Chroma"},"image":{"@id":"https:\/\/www.chroma.pl\/pl\/testblog\/#\/schema\/logo\/image\/"}},{"@type":"Person","@id":"https:\/\/www.chroma.pl\/pl\/testblog\/#\/schema\/person\/9d00723da12e71b7d09895f6db66e873","name":"Redaktor Chroma","image":{"@type":"ImageObject","inLanguage":"pl-PL","@id":"https:\/\/www.chroma.pl\/pl\/testblog\/#\/schema\/person\/image\/","url":"https:\/\/secure.gravatar.com\/avatar\/bd45821cc2d42ef4af80dd605d90491ebb4d403449d5d0ac9baa9856d38ff2d2?s=96&d=mm&r=g","contentUrl":"https:\/\/secure.gravatar.com\/avatar\/bd45821cc2d42ef4af80dd605d90491ebb4d403449d5d0ac9baa9856d38ff2d2?s=96&d=mm&r=g","caption":"Redaktor Chroma"},"url":"https:\/\/www.chroma.pl\/pl\/blog\/author\/redaktor-chroma\/"}]}},"jetpack_featured_media_url":"https:\/\/www.chroma.pl\/pl\/blog\/wp-content\/uploads\/2023\/07\/Kalendarze-na-lodowce.jpg","_links":{"self":[{"href":"https:\/\/www.chroma.pl\/pl\/blog\/wp-json\/wp\/v2\/posts\/2192","targetHints":{"allow":["GET"]}}],"collection":[{"href":"https:\/\/www.chroma.pl\/pl\/blog\/wp-json\/wp\/v2\/posts"}],"about":[{"href":"https:\/\/www.chroma.pl\/pl\/blog\/wp-json\/wp\/v2\/types\/post"}],"author":[{"embeddable":true,"href":"https:\/\/www.chroma.pl\/pl\/blog\/wp-json\/wp\/v2\/users\/7"}],"replies":[{"embeddable":true,"href":"https:\/\/www.chroma.pl\/pl\/blog\/wp-json\/wp\/v2\/comments?post=2192"}],"version-history":[{"count":1,"href":"https:\/\/www.chroma.pl\/pl\/blog\/wp-json\/wp\/v2\/posts\/2192\/revisions"}],"predecessor-version":[{"id":2194,"href":"https:\/\/www.chroma.pl\/pl\/blog\/wp-json\/wp\/v2\/posts\/2192\/revisions\/2194"}],"wp:featuredmedia":[{"embeddable":true,"href":"https:\/\/www.chroma.pl\/pl\/blog\/wp-json\/wp\/v2\/media\/2193"}],"wp:attachment":[{"href":"https:\/\/www.chroma.pl\/pl\/blog\/wp-json\/wp\/v2\/media?parent=2192"}],"wp:term":[{"taxonomy":"category","embeddable":true,"href":"https:\/\/www.chroma.pl\/pl\/blog\/wp-json\/wp\/v2\/categories?post=2192"},{"taxonomy":"post_tag","embeddable":true,"href":"https:\/\/www.chroma.pl\/pl\/blog\/wp-json\/wp\/v2\/tags?post=2192"}],"curies":[{"name":"wp","href":"https:\/\/api.w.org\/{rel}","templated":true}]}}